{"id":1347,"date":"2025-06-03T15:48:39","date_gmt":"2025-06-03T19:48:39","guid":{"rendered":"https:\/\/chrissbraund.com\/index.php\/2025\/06\/03\/de-mim-para-min-a-tempestade-vai-passar-livro-em-portugues\/"},"modified":"2025-06-03T15:50:05","modified_gmt":"2025-06-03T19:50:05","slug":"de-mim-para-min-a-tempestade-vai-passar-livro-em-portugues","status":"publish","type":"post","link":"https:\/\/chrissbraund.com\/index.php\/2025\/06\/03\/de-mim-para-min-a-tempestade-vai-passar-livro-em-portugues\/","title":{"rendered":"De mim para min, a tempestade vai passar, livro em portugu\u00eas"},"content":{"rendered":"\n<p id=\"tw-target-text\"><\/p>\n\n\n\n<figure class=\"wp-block-image size-large\"><img fetchpriority=\"high\" decoding=\"async\" width=\"1024\" height=\"682\" src=\"https:\/\/chrissbraund.com\/wp-content\/uploads\/2025\/06\/img_9801-1-1024x682.png\" alt=\"\" class=\"wp-image-1342\" srcset=\"https:\/\/chrissbraund.com\/wp-content\/uploads\/2025\/06\/img_9801-1-1024x682.png 1024w, https:\/\/chrissbraund.com\/wp-content\/uploads\/2025\/06\/img_9801-1-300x200.png 300w, https:\/\/chrissbraund.com\/wp-content\/uploads\/2025\/06\/img_9801-1-768x512.png 768w, https:\/\/chrissbraund.com\/wp-content\/uploads\/2025\/06\/img_9801-1-1536x1024.png 1536w, https:\/\/chrissbraund.com\/wp-content\/uploads\/2025\/06\/img_9801-1.png 2000w\" sizes=\"(max-width: 1024px) 100vw, 1024px\" \/><\/figure>\n\n\n\n<p class=\"has-text-align-center\"><strong>&#8220;De m\u00ed para m\u00ed: La tormenta pasar\u00e1&#8221;, el fen\u00f3meno literario de Nacarid Portal y Chriss Braund, \u00a1ahora en portugu\u00e9s!<\/strong><\/p>\n\n\n\n<figure class=\"wp-block-image size-large\"><img decoding=\"async\" width=\"1024\" height=\"682\" src=\"https:\/\/chrissbraund.com\/wp-content\/uploads\/2025\/06\/img_9797-1-1024x682.png\" alt=\"\" class=\"wp-image-1337\" srcset=\"https:\/\/chrissbraund.com\/wp-content\/uploads\/2025\/06\/img_9797-1-1024x682.png 1024w, https:\/\/chrissbraund.com\/wp-content\/uploads\/2025\/06\/img_9797-1-300x200.png 300w, https:\/\/chrissbraund.com\/wp-content\/uploads\/2025\/06\/img_9797-1-768x512.png 768w, https:\/\/chrissbraund.com\/wp-content\/uploads\/2025\/06\/img_9797-1-1536x1024.png 1536w, https:\/\/chrissbraund.com\/wp-content\/uploads\/2025\/06\/img_9797-1.png 2000w\" sizes=\"(max-width: 1024px) 100vw, 1024px\" \/><\/figure>\n\n\n\n<p>El aclamado libro <strong>&#8220;De m\u00ed para m\u00ed: La tormenta pasar\u00e1&#8221;<\/strong>, escrito por los talentosos autores <strong>Nacarid Portal y Chriss Braund<\/strong>, que se ha convertido en un aut\u00e9ntico fen\u00f3meno de ventas y un faro de inspiraci\u00f3n para miles de lectores, da un paso gigante en su expansi\u00f3n global. Nos complace anunciar que esta conmovedora obra ya est\u00e1 disponible en portugu\u00e9s.<\/p>\n\n\n\n<figure class=\"wp-block-image size-large\"><img decoding=\"async\" width=\"1024\" height=\"682\" src=\"https:\/\/chrissbraund.com\/wp-content\/uploads\/2025\/06\/img_9798-1-1024x682.png\" alt=\"\" class=\"wp-image-1338\" srcset=\"https:\/\/chrissbraund.com\/wp-content\/uploads\/2025\/06\/img_9798-1-1024x682.png 1024w, https:\/\/chrissbraund.com\/wp-content\/uploads\/2025\/06\/img_9798-1-300x200.png 300w, https:\/\/chrissbraund.com\/wp-content\/uploads\/2025\/06\/img_9798-1-768x512.png 768w, https:\/\/chrissbraund.com\/wp-content\/uploads\/2025\/06\/img_9798-1-1536x1024.png 1536w, https:\/\/chrissbraund.com\/wp-content\/uploads\/2025\/06\/img_9798-1.png 2000w\" sizes=\"(max-width: 1024px) 100vw, 1024px\" \/><\/figure>\n\n\n\n<p>Este libro ha resonado profundamente con su mensaje de <strong>sanaci\u00f3n, perd\u00f3n y resiliencia<\/strong>, ofreciendo una gu\u00eda para el autodescubrimiento y la superaci\u00f3n de las adversidades. La combinaci\u00f3n de la sensibilidad po\u00e9tica de Nacarid Portal y las emotivas ilustraciones de Chriss Braund ha creado una experiencia \u00fanica para quienes buscan fortaleza en momentos dif\u00edciles.<\/p>\n\n\n\n<figure class=\"wp-block-image size-large\"><img loading=\"lazy\" decoding=\"async\" width=\"1024\" height=\"682\" src=\"https:\/\/chrissbraund.com\/wp-content\/uploads\/2025\/06\/img_9799-1-1024x682.png\" alt=\"\" class=\"wp-image-1340\" srcset=\"https:\/\/chrissbraund.com\/wp-content\/uploads\/2025\/06\/img_9799-1-1024x682.png 1024w, https:\/\/chrissbraund.com\/wp-content\/uploads\/2025\/06\/img_9799-1-300x200.png 300w, https:\/\/chrissbraund.com\/wp-content\/uploads\/2025\/06\/img_9799-1-768x512.png 768w, https:\/\/chrissbraund.com\/wp-content\/uploads\/2025\/06\/img_9799-1-1536x1024.png 1536w, https:\/\/chrissbraund.com\/wp-content\/uploads\/2025\/06\/img_9799-1.png 2000w\" sizes=\"(max-width: 1024px) 100vw, 1024px\" \/><\/figure>\n\n\n\n<p>La llegada de &#8220;De m\u00ed para m\u00ed: La tormenta pasar\u00e1&#8221; al mercado de habla portuguesa significa que a\u00fan m\u00e1s personas podr\u00e1n embarcarse en este viaje \u00edntimo de transformaci\u00f3n, conectando con su ni\u00f1o interior y encontrando la motivaci\u00f3n para seguir adelante, incluso cuando la vida presente sus mayores desaf\u00edos.<\/p>\n\n\n\n<figure class=\"wp-block-image size-large\"><img decoding=\"async\" src=\"https:\/\/chrissbraund.com\/wp-content\/uploads\/2025\/05\/banner-portugues.png\" alt=\"\" class=\"wp-image-1322\"\/><\/figure>\n\n\n\n<p>Esta traducci\u00f3n es un testimonio del impacto universal del mensaje del libro y de la creciente demanda por su contenido. Los autores contin\u00faan dejando una huella significativa en la literatura de autoayuda y poes\u00eda, y esta nueva edici\u00f3n seguramente consolidar\u00e1 su posici\u00f3n en el panorama literario internacional.<\/p>\n\n\n\n<p><\/p>\n\n\n\n<p>\u00a1Prep\u00e1rense para abrazar este viaje de sanaci\u00f3n y crecimiento en un nuevo idioma!<\/p>\n\n\n\n<figure class=\"wp-block-image size-large\"><img loading=\"lazy\" decoding=\"async\" width=\"1024\" height=\"682\" src=\"https:\/\/chrissbraund.com\/wp-content\/uploads\/2025\/06\/img_9796-1-1024x682.png\" alt=\"\" class=\"wp-image-1336\" srcset=\"https:\/\/chrissbraund.com\/wp-content\/uploads\/2025\/06\/img_9796-1-1024x682.png 1024w, https:\/\/chrissbraund.com\/wp-content\/uploads\/2025\/06\/img_9796-1-300x200.png 300w, https:\/\/chrissbraund.com\/wp-content\/uploads\/2025\/06\/img_9796-1-768x512.png 768w, https:\/\/chrissbraund.com\/wp-content\/uploads\/2025\/06\/img_9796-1-1536x1024.png 1536w, https:\/\/chrissbraund.com\/wp-content\/uploads\/2025\/06\/img_9796-1.png 2000w\" sizes=\"(max-width: 1024px) 100vw, 1024px\" \/><\/figure>\n\n\n\n<p><strong>Editorial Faro<\/strong> <\/p>\n\n\n\n<p><\/p>\n","protected":false},"excerpt":{"rendered":"<p>&#8220;De m\u00ed para m\u00ed: La tormenta pasar\u00e1&#8221;, el fen\u00f3meno literario de Nacarid Portal y Chriss Braund, \u00a1ahora en portugu\u00e9s! El aclamado libro &#8220;De m\u00ed para m\u00ed: La tormenta pasar\u00e1&#8221;, escrito por los talentosos autores Nacarid Portal y Chriss Braund, que&#8230;<\/p>\n","protected":false},"author":1,"featured_media":1336,"comment_status":"closed","ping_status":"closed","sticky":false,"template":"","format":"standard","meta":{"_monsterinsights_skip_tracking":false,"_monsterinsights_sitenote_active":false,"_monsterinsights_sitenote_note":"","_monsterinsights_sitenote_category":0,"_uf_show_specific_survey":0,"_uf_disable_surveys":false,"_jetpack_memberships_contains_paid_content":false,"footnotes":""},"categories":[17],"tags":[],"class_list":["post-1347","post","type-post","status-publish","format-standard","has-post-thumbnail","hentry","category-libros"],"aioseo_notices":[],"jetpack_featured_media_url":"https:\/\/chrissbraund.com\/wp-content\/uploads\/2025\/06\/img_9796-1.png","jetpack_sharing_enabled":true,"_links":{"self":[{"href":"https:\/\/chrissbraund.com\/index.php\/wp-json\/wp\/v2\/posts\/1347","targetHints":{"allow":["GET"]}}],"collection":[{"href":"https:\/\/chrissbraund.com\/index.php\/wp-json\/wp\/v2\/posts"}],"about":[{"href":"https:\/\/chrissbraund.com\/index.php\/wp-json\/wp\/v2\/types\/post"}],"author":[{"embeddable":true,"href":"https:\/\/chrissbraund.com\/index.php\/wp-json\/wp\/v2\/users\/1"}],"replies":[{"embeddable":true,"href":"https:\/\/chrissbraund.com\/index.php\/wp-json\/wp\/v2\/comments?post=1347"}],"version-history":[{"count":1,"href":"https:\/\/chrissbraund.com\/index.php\/wp-json\/wp\/v2\/posts\/1347\/revisions"}],"predecessor-version":[{"id":1348,"href":"https:\/\/chrissbraund.com\/index.php\/wp-json\/wp\/v2\/posts\/1347\/revisions\/1348"}],"wp:featuredmedia":[{"embeddable":true,"href":"https:\/\/chrissbraund.com\/index.php\/wp-json\/wp\/v2\/media\/1336"}],"wp:attachment":[{"href":"https:\/\/chrissbraund.com\/index.php\/wp-json\/wp\/v2\/media?parent=1347"}],"wp:term":[{"taxonomy":"category","embeddable":true,"href":"https:\/\/chrissbraund.com\/index.php\/wp-json\/wp\/v2\/categories?post=1347"},{"taxonomy":"post_tag","embeddable":true,"href":"https:\/\/chrissbraund.com\/index.php\/wp-json\/wp\/v2\/tags?post=1347"}],"curies":[{"name":"wp","href":"https:\/\/api.w.org\/{rel}","templated":true}]}}